{"id":10726,"date":"2022-06-30T21:08:57","date_gmt":"2022-07-01T01:08:57","guid":{"rendered":"https:\/\/thelitigator.com\/?p=10726"},"modified":"2024-03-04T09:14:47","modified_gmt":"2024-03-04T14:14:47","slug":"quien-tiene-la-culpa-de-una-colision-trasera-en-concord-nc","status":"publish","type":"post","link":"https:\/\/thelitigator.com\/es\/blog\/quien-tiene-la-culpa-de-una-colision-trasera-en-concord-nc\/","title":{"rendered":"\u00bfQui\u00e9n Tiene La Culpa De Una Colisi\u00f3n Trasera En Concord NC?"},"content":{"rendered":"\n<p>Un choque por alcance, tambi\u00e9n llamado choque por detr\u00e1s, es un accidente automovil\u00edstico que ocurre cuando un veh\u00edculo golpea la parte trasera de otro autom\u00f3vil. Las colisiones traseras generalmente son causadas por un error del conductor, como seguir demasiado de cerca, conducir distra\u00eddo o exceso de velocidad.<\/p>\n\n\n\n<p>Si bien la mayor\u00eda de los accidentes por alcance no causan lesiones ni da\u00f1os graves, a\u00fan as\u00ed pueden ser incre\u00edblemente estresantes y, a veces, determinar qui\u00e9n es el conductor culpable puede resultar complicado. Si ha tenido un accidente por alcance y <a href=\"https:\/\/thelitigator.com\/es\/blog\/cuando-debo-contratar-a-un-abogado-de-accidentes-automovilisticos-en-concord-nc\/\">no est\u00e1 seguro de qui\u00e9n tiene la culpa<\/a> , comun\u00edquese con un abogado con experiencia en accidentes automovil\u00edsticos. Un abogado puede ayudar a investigar el accidente y determinar qui\u00e9n es el responsable.<\/p>\n\n\n\n<p>En las Oficinas Legales de Jason E. Taylor, nuestros <a href=\"https:\/\/thelitigator.com\/es\/concord-nc\/abogados-de-accidentes-automovilisticos\/\">abogados de accidentes automovil\u00edsticos de Concord<\/a> tienen a\u00f1os de experiencia ayudando a las v\u00edctimas de accidentes automovil\u00edsticos a obtener la compensaci\u00f3n que merecen. Si tiene preguntas sobre qui\u00e9n tiene la culpa en un choque por alcance, cont\u00e1ctenos para una consulta gratuita.<\/p>\n\n\n\n<h2 class=\"wp-block-heading\"><strong>Qu\u00e9 hacer despu\u00e9s de un accidente por alcance en Concord, Carolina del Norte<\/strong><\/h2>\n\n\n\n<p><a href=\"https:\/\/thelitigator.com\/es\/blog\/que-hacer-despues-de-un-accidente-automovilistico-en-concord-nc\/\">Despu\u00e9s de cualquier accidente automovil\u00edstico<\/a> , si no necesita <a href=\"https:\/\/thelitigator.com\/es\/blog\/debo-ir-al-medico-despues-de-un-accidente-automovilistico-en-concord-nc\/\">asistencia m\u00e9dica<\/a> inmediata , es importante intercambiar informaci\u00f3n del seguro con el otro conductor y llamar a la polic\u00eda. Intente sacar su autom\u00f3vil de la carretera si es posible, pero tome fotograf\u00edas primero en caso de que luego haya una disputa sobre lo sucedido. Una vez que haya intercambiado informaci\u00f3n con el otro conductor y haya llamado a la polic\u00eda, debe comunicarse con un abogado con experiencia en accidentes automovil\u00edsticos de Concord.<\/p>\n\n\n\n<h2 class=\"wp-block-heading\"><strong>Determinaci\u00f3n de la culpa en accidentes automovil\u00edsticos por alcance en Concord<\/strong><\/h2>\n\n\n\n<p>En muchos accidentes por alcance, la responsabilidad es clara. El conductor culpable suele ser el conductor que choc\u00f3 contra el coche que ten\u00eda delante. Sin embargo, hay excepciones para esta regla.<\/p>\n\n\n\n<ul class=\"wp-block-list\">\n<li>El otro conductor: si el conductor que choc\u00f3 por detr\u00e1s fren\u00f3 repentinamente o estaba entrando y saliendo del tr\u00e1fico y cort\u00f3 el paso al otro conductor, se le puede considerar culpable del accidente.<\/li>\n\n\n\n<li>Un tercero <strong>:<\/strong> a veces, las colisiones traseras provocan una reacci\u00f3n en cadena. A menudo, el \u00faltimo coche de la cadena es el que lo ha provocado. Sin embargo, es posible que un veh\u00edculo lo haya chocado por detr\u00e1s y luego otro autom\u00f3vil haya llegado y haya golpeado a esa persona porque lo detuvieron y lo volvieron a golpear. En esos casos, necesita un abogado con experiencia que lo ayude a resolverlo todo.&nbsp;&nbsp;<\/li>\n<\/ul>\n\n\n\n<h2 class=\"wp-block-heading\"><strong>\u00bfQu\u00e9 pruebas necesito para demostrar la culpa en casos de colisi\u00f3n trasera?<\/strong><\/h2>\n\n\n\n<p>Si ha estado involucrado en una colisi\u00f3n trasera, existen algunas pruebas que pueden ayudar a demostrar que el otro conductor tiene la culpa:<\/p>\n\n\n\n<ul class=\"wp-block-list\">\n<li>El informe policial: el informe policial contendr\u00e1 informaci\u00f3n sobre c\u00f3mo ocurri\u00f3 el accidente y probablemente asignar\u00e1 la culpa a uno de los conductores.<\/li>\n\n\n\n<li>Declaraciones de testigos: si hubo testigos del accidente, sus declaraciones podr\u00edan ayudar a probar qu\u00e9 sucedi\u00f3 y qui\u00e9n tuvo la culpa.<\/li>\n\n\n\n<li>Im\u00e1genes de la escena del accidente: las im\u00e1genes pueden ayudar a mostrar la posici\u00f3n de los autom\u00f3viles y cualquier da\u00f1o causado.<\/li>\n<\/ul>\n\n\n\n<p>Si ha estado involucrado en una colisi\u00f3n trasera, comun\u00edquese con un abogado con experiencia en accidentes automovil\u00edsticos de Concord. En las Oficinas Legales de Jason E. Taylor, podemos ayudarlo a determinar qui\u00e9n tiene la culpa y ayudarlo a responsabilizarlo para que pueda recuperar una compensaci\u00f3n por sus da\u00f1os.<\/p>\n\n\n\n<h2 class=\"wp-block-heading\"><strong>Causas comunes de accidentes por alcance en Concord, Carolina del Norte<\/strong><\/h2>\n\n\n\n<p>Los accidentes por alcance son el <a href=\"https:\/\/thelitigator.com\/blog\/common-car-accidents-in-concord-nc\/\">tipo m\u00e1s com\u00fan de accidentes automovil\u00edsticos<\/a> y pueden ocurrir por varias razones. Algunas de las causas m\u00e1s comunes de accidentes por alcance incluyen:<\/p>\n\n\n\n<ul class=\"wp-block-list\">\n<li>Conducci\u00f3n distra\u00edda: los conductores que quitan la vista de la carretera, aunque sea durante unos segundos, pueden chocar por detr\u00e1s al coche que les precede.<\/li>\n\n\n\n<li>Exceso de velocidad: es posible que los conductores que van demasiado r\u00e1pido no tengan tiempo suficiente para detenerse si el autom\u00f3vil que va delante de ellos reduce la velocidad o se detiene repentinamente.<\/li>\n\n\n\n<li>Seguir muy de cerca: los conductores que siguen demasiado de cerca al autom\u00f3vil que va delante corren el riesgo de no tener tiempo suficiente para detenerse si el autom\u00f3vil que va delante frena repentinamente.<\/li>\n\n\n\n<li>Mal tiempo: la lluvia, la nieve y el hielo pueden dificultar que los conductores vean el autom\u00f3vil que tienen delante y se detengan r\u00e1pidamente si es necesario.<\/li>\n\n\n\n<li>Cortes de luz de freno: el prop\u00f3sito de una luz de freno es indicarle al conductor detr\u00e1s de usted cuando se est\u00e1 deteniendo. Si una luz de freno est\u00e1 apagada, es posible que el conductor detr\u00e1s de usted no se d\u00e9 cuenta de que est\u00e1 reduciendo la velocidad o deteni\u00e9ndose, lo que podr\u00eda provocar que choque con su autom\u00f3vil por detr\u00e1s.<\/li>\n\n\n\n<li>Paradas repentinas: si un conductor que va delante de usted frena bruscamente, es posible que no tenga tiempo de detenerse y podr\u00eda chocarlo por detr\u00e1s.<\/li>\n<\/ul>\n\n\n\n<h2 class=\"wp-block-heading\"><strong>Negligencia contributiva en Concord, Carolina del Norte<\/strong><\/h2>\n\n\n\n<p>En algunos casos, ambos conductores pueden ser declarados culpables de una colisi\u00f3n trasera. Esto se ve m\u00e1s com\u00fanmente cuando un conductor sigue al otro y el conductor l\u00edder se detiene repentinamente para frenar y verificar al siguiente conductor.<\/p>\n\n\n\n<p>Desafortunadamente, debido a que Carolina del Norte sigue la regla de negligencia contributiva pura, es posible que se le proh\u00edba recuperar cualquier compensaci\u00f3n por sus lesiones <a href=\"https:\/\/thelitigator.com\/blog\/what-happens-if-i-am-at-fault-for-a-car-accident-in-concord-nc\/\">si se le declara culpable, aunque sea parcialmente, del accidente<\/a> .<\/p>\n\n\n\n<h2 class=\"wp-block-heading\"><strong>Presentar una demanda por lesiones personales en Concord<\/strong><\/h2>\n\n\n\n<p>Si result\u00f3 lesionado en una colisi\u00f3n trasera, es posible que pueda <a href=\"https:\/\/thelitigator.com\/blog\/what-is-a-personal-injury-lawsuit-in-concord-nc\/\">presentar una demanda<\/a> para recuperar una compensaci\u00f3n por los costos relacionados con el accidente. Supongamos que sufri\u00f3 lesiones en la cabeza, lesiones en la m\u00e9dula espinal u otras lesiones graves. En ese caso, podr\u00e1 recuperar una compensaci\u00f3n por cualquier tratamiento m\u00e9dico que reciba debido al accidente o la angustia emocional causada por sus lesiones.<\/p>\n\n\n\n<p>Un abogado con experiencia en accidentes automovil\u00edsticos en Concord de las Oficinas Legales de Jason E. Taylor puede ayudarlo a comprender sus opciones legales y luchar por la compensaci\u00f3n que se merece. Ll\u00e1menos hoy para una consulta gratuita.<\/p>\n\n\n\n<h2 class=\"wp-block-heading\"><strong>\u00bfCu\u00e1nto tiempo tengo para presentar un reclamo por lesiones personales por un accidente automovil\u00edstico por alcance?<\/strong><\/h2>\n\n\n\n<p>En Carolina del Norte, normalmente tiene tres a\u00f1os a partir de la fecha de su accidente para <a href=\"https:\/\/thelitigator.com\/es\/blog\/presentar-un-reclamo-por-lesiones-personales-en-concord-nc\/\">presentar un reclamo por lesiones personales<\/a> . Si espera demasiado para resolver su reclamo o no presenta una demanda para preservar el estatuto de limitaciones, es posible que se le proh\u00edba recuperar cualquier compensaci\u00f3n por sus lesiones. Por eso es importante hablar con su abogado sobre el plazo de prescripci\u00f3n en su caso particular.&nbsp;<\/p>\n\n\n\n<figure class=\"wp-block-image\"><img fetchpriority=\"high\" decoding=\"async\" width=\"572\" height=\"380\" src=\"https:\/\/thelitigator.com\/wp-content\/uploads\/2024\/03\/image-17.png\" alt=\"accidentes automovil\u00edsticos\" class=\"wp-image-10727\" srcset=\"https:\/\/thelitigator.com\/wp-content\/uploads\/2024\/03\/image-17.png 572w, https:\/\/thelitigator.com\/wp-content\/uploads\/2024\/03\/image-17-300x199.png 300w\" sizes=\"(max-width: 572px) 100vw, 572px\" \/><\/figure>\n\n\n\n<h2 class=\"wp-block-heading\"><strong>P\u00f3ngase en contacto con un abogado de accidentes automovil\u00edsticos de Concord hoy<\/strong><\/h2>\n\n\n\n<p>Si ha resultado lesionado en un accidente por alcance debido a la negligencia o imprudencia de otra persona, merece una compensaci\u00f3n justa por sus lesiones.<\/p>\n\n\n\n<p>Nuestros <a href=\"https:\/\/thelitigator.com\/es\/concord-nc\/abogados-de-accidentes-automovilisticos\/\">abogados de accidentes automovil\u00edsticos<\/a> tienen experiencia en todos los casos de lesiones personales. Valoramos la relaci\u00f3n abogado-cliente y trabajaremos incansablemente para proteger sus derechos. No tenemos miedo de contratar compa\u00f1\u00edas de seguros para ayudarle a obtener una compensaci\u00f3n justa.<\/p>\n\n\n\n<p>Comun\u00edquese con las Oficinas Legales de Jason E. Taylor hoy para su consulta inicial gratuita y obtenga m\u00e1s informaci\u00f3n sobre lo que podemos hacer para ayudarlo. Responderemos a sus preguntas y le explicaremos todas sus opciones legales.<\/p>\n","protected":false},"excerpt":{"rendered":"<p>Un choque por alcance, tambi\u00e9n llamado choque por detr\u00e1s, es un accidente automovil\u00edstico que ocurre cuando un veh\u00edculo golpea la parte trasera de otro autom\u00f3vil. Las colisiones traseras generalmente son causadas por un error del conductor, como seguir demasiado de cerca, conducir distra\u00eddo o exceso de velocidad. Si bien la mayor\u00eda de los accidentes por [&hellip;]<\/p>\n","protected":false},"author":8,"featured_media":8958,"comment_status":"closed","ping_status":"closed","sticky":false,"template":"","format":"standard","meta":{"_acf_changed":false,"footnotes":""},"categories":[1428,1426],"tags":[1452],"attorney":[],"class_list":["post-10726","post","type-post","status-publish","format-standard","has-post-thumbnail","hentry","category-car-accidents-es","category-concord-es","tag-car-accidents-es"],"acf":[],"yoast_head":"<!-- This site is optimized with the Yoast SEO plugin v27.5 - https:\/\/yoast.com\/product\/yoast-seo-wordpress\/ -->\n<title>\u00bfQui\u00e9n Tiene La Culpa De Una Colisi\u00f3n Trasera En Concord NC?<\/title>\n<meta name=\"description\" content=\"Un choque por alcance, tambi\u00e9n llamado choque por detr\u00e1s, es un accidente automovil\u00edstico que ocurre cuando un veh\u00edculo golpea la parte trasera de otro\" \/>\n<meta name=\"robots\" content=\"index, follow, max-snippet:-1, max-image-preview:large, max-video-preview:-1\" \/>\n<link rel=\"canonical\" href=\"https:\/\/thelitigator.com\/es\/blog\/quien-tiene-la-culpa-de-una-colision-trasera-en-concord-nc\/\" \/>\n<meta property=\"og:locale\" content=\"es_ES\" \/>\n<meta property=\"og:type\" content=\"article\" \/>\n<meta property=\"og:title\" content=\"\u00bfQui\u00e9n Tiene La Culpa De Una Colisi\u00f3n Trasera En Concord NC?\" \/>\n<meta property=\"og:description\" content=\"Un choque por alcance, tambi\u00e9n llamado choque por detr\u00e1s, es un accidente automovil\u00edstico que ocurre cuando un veh\u00edculo golpea la parte trasera de otro\" \/>\n<meta property=\"og:url\" content=\"https:\/\/thelitigator.com\/es\/blog\/quien-tiene-la-culpa-de-una-colision-trasera-en-concord-nc\/\" \/>\n<meta property=\"og:site_name\" content=\"Taylor | Serbin Injury Lawyers\" \/>\n<meta property=\"article:publisher\" content=\"https:\/\/www.facebook.com\/TheLawOfficesOfJasonETaylor\/\" \/>\n<meta property=\"article:published_time\" content=\"2022-07-01T01:08:57+00:00\" \/>\n<meta property=\"article:modified_time\" content=\"2024-03-04T14:14:47+00:00\" \/>\n<meta property=\"og:image\" content=\"https:\/\/thelitigator.com\/wp-content\/uploads\/2022\/06\/2022-06-30_21-08-14.png\" \/>\n\t<meta property=\"og:image:width\" content=\"764\" \/>\n\t<meta property=\"og:image:height\" content=\"506\" \/>\n\t<meta property=\"og:image:type\" content=\"image\/png\" \/>\n<meta name=\"author\" content=\"Jason E. Taylor\" \/>\n<meta name=\"twitter:card\" content=\"summary_large_image\" \/>\n<meta name=\"twitter:creator\" content=\"@lawyerjet\" \/>\n<meta name=\"twitter:site\" content=\"@lawyerjet\" \/>\n<meta name=\"twitter:label1\" content=\"Written by\" \/>\n\t<meta name=\"twitter:data1\" content=\"Jason E. Taylor\" \/>\n\t<meta name=\"twitter:label2\" content=\"Est. reading time\" \/>\n\t<meta name=\"twitter:data2\" content=\"6 minutes\" \/>\n<script type=\"application\/ld+json\" class=\"yoast-schema-graph\">{\"@context\":\"https:\\\/\\\/schema.org\",\"@graph\":[{\"@type\":\"Article\",\"@id\":\"https:\\\/\\\/thelitigator.com\\\/es\\\/blog\\\/quien-tiene-la-culpa-de-una-colision-trasera-en-concord-nc\\\/#article\",\"isPartOf\":{\"@id\":\"https:\\\/\\\/thelitigator.com\\\/es\\\/blog\\\/quien-tiene-la-culpa-de-una-colision-trasera-en-concord-nc\\\/\"},\"author\":{\"name\":\"Jason E. Taylor\",\"@id\":\"https:\\\/\\\/thelitigator.com\\\/es\\\/#\\\/schema\\\/person\\\/2c23b11d77dbea164468fe384244d0b0\"},\"headline\":\"\u00bfQui\u00e9n Tiene La Culpa De Una Colisi\u00f3n Trasera En Concord NC?\",\"datePublished\":\"2022-07-01T01:08:57+00:00\",\"dateModified\":\"2024-03-04T14:14:47+00:00\",\"mainEntityOfPage\":{\"@id\":\"https:\\\/\\\/thelitigator.com\\\/es\\\/blog\\\/quien-tiene-la-culpa-de-una-colision-trasera-en-concord-nc\\\/\"},\"wordCount\":1320,\"publisher\":{\"@id\":\"https:\\\/\\\/thelitigator.com\\\/es\\\/#organization\"},\"image\":{\"@id\":\"https:\\\/\\\/thelitigator.com\\\/es\\\/blog\\\/quien-tiene-la-culpa-de-una-colision-trasera-en-concord-nc\\\/#primaryimage\"},\"thumbnailUrl\":\"https:\\\/\\\/thelitigator.com\\\/wp-content\\\/uploads\\\/2022\\\/06\\\/2022-06-30_21-08-14.png\",\"keywords\":[\"car accidents\"],\"articleSection\":[\"Car Accidents\",\"Concord, NC\"],\"inLanguage\":\"es-US\"},{\"@type\":\"WebPage\",\"@id\":\"https:\\\/\\\/thelitigator.com\\\/es\\\/blog\\\/quien-tiene-la-culpa-de-una-colision-trasera-en-concord-nc\\\/\",\"url\":\"https:\\\/\\\/thelitigator.com\\\/es\\\/blog\\\/quien-tiene-la-culpa-de-una-colision-trasera-en-concord-nc\\\/\",\"name\":\"\u00bfQui\u00e9n Tiene La Culpa De Una Colisi\u00f3n Trasera En Concord NC?\",\"isPartOf\":{\"@id\":\"https:\\\/\\\/thelitigator.com\\\/es\\\/#website\"},\"primaryImageOfPage\":{\"@id\":\"https:\\\/\\\/thelitigator.com\\\/es\\\/blog\\\/quien-tiene-la-culpa-de-una-colision-trasera-en-concord-nc\\\/#primaryimage\"},\"image\":{\"@id\":\"https:\\\/\\\/thelitigator.com\\\/es\\\/blog\\\/quien-tiene-la-culpa-de-una-colision-trasera-en-concord-nc\\\/#primaryimage\"},\"thumbnailUrl\":\"https:\\\/\\\/thelitigator.com\\\/wp-content\\\/uploads\\\/2022\\\/06\\\/2022-06-30_21-08-14.png\",\"datePublished\":\"2022-07-01T01:08:57+00:00\",\"dateModified\":\"2024-03-04T14:14:47+00:00\",\"description\":\"Un choque por alcance, tambi\u00e9n llamado choque por detr\u00e1s, es un accidente automovil\u00edstico que ocurre cuando un veh\u00edculo golpea la parte trasera de otro\",\"breadcrumb\":{\"@id\":\"https:\\\/\\\/thelitigator.com\\\/es\\\/blog\\\/quien-tiene-la-culpa-de-una-colision-trasera-en-concord-nc\\\/#breadcrumb\"},\"inLanguage\":\"es-US\",\"potentialAction\":[{\"@type\":\"ReadAction\",\"target\":[\"https:\\\/\\\/thelitigator.com\\\/es\\\/blog\\\/quien-tiene-la-culpa-de-una-colision-trasera-en-concord-nc\\\/\"]}]},{\"@type\":\"ImageObject\",\"inLanguage\":\"es-US\",\"@id\":\"https:\\\/\\\/thelitigator.com\\\/es\\\/blog\\\/quien-tiene-la-culpa-de-una-colision-trasera-en-concord-nc\\\/#primaryimage\",\"url\":\"https:\\\/\\\/thelitigator.com\\\/wp-content\\\/uploads\\\/2022\\\/06\\\/2022-06-30_21-08-14.png\",\"contentUrl\":\"https:\\\/\\\/thelitigator.com\\\/wp-content\\\/uploads\\\/2022\\\/06\\\/2022-06-30_21-08-14.png\",\"width\":764,\"height\":506,\"caption\":\"Who Is At Fault for a Rear-End Collision in Concord NC\"},{\"@type\":\"BreadcrumbList\",\"@id\":\"https:\\\/\\\/thelitigator.com\\\/es\\\/blog\\\/quien-tiene-la-culpa-de-una-colision-trasera-en-concord-nc\\\/#breadcrumb\",\"itemListElement\":[{\"@type\":\"ListItem\",\"position\":1,\"name\":\"Home\",\"item\":\"https:\\\/\\\/thelitigator.com\\\/es\\\/\"},{\"@type\":\"ListItem\",\"position\":2,\"name\":\"\u00bfQui\u00e9n Tiene La Culpa De Una Colisi\u00f3n Trasera En Concord NC?\"}]},{\"@type\":\"WebSite\",\"@id\":\"https:\\\/\\\/thelitigator.com\\\/es\\\/#website\",\"url\":\"https:\\\/\\\/thelitigator.com\\\/es\\\/\",\"name\":\"Taylor | Serbin Injury Lawyers\",\"description\":\"Taylor | Serbin Injury Lawyers Serving North and South Carolina Areas\",\"publisher\":{\"@id\":\"https:\\\/\\\/thelitigator.com\\\/es\\\/#organization\"},\"potentialAction\":[{\"@type\":\"SearchAction\",\"target\":{\"@type\":\"EntryPoint\",\"urlTemplate\":\"https:\\\/\\\/thelitigator.com\\\/es\\\/?s={search_term_string}\"},\"query-input\":{\"@type\":\"PropertyValueSpecification\",\"valueRequired\":true,\"valueName\":\"search_term_string\"}}],\"inLanguage\":\"es-US\"},{\"@type\":\"Organization\",\"@id\":\"https:\\\/\\\/thelitigator.com\\\/es\\\/#organization\",\"name\":\"Taylor | Serbin Injury Lawyers\",\"url\":\"https:\\\/\\\/thelitigator.com\\\/es\\\/\",\"logo\":{\"@type\":\"ImageObject\",\"inLanguage\":\"es-US\",\"@id\":\"https:\\\/\\\/thelitigator.com\\\/es\\\/#\\\/schema\\\/logo\\\/image\\\/\",\"url\":\"https:\\\/\\\/thelitigator.com\\\/wp-content\\\/uploads\\\/2025\\\/12\\\/TSL-brand-final-01.svg\",\"contentUrl\":\"https:\\\/\\\/thelitigator.com\\\/wp-content\\\/uploads\\\/2025\\\/12\\\/TSL-brand-final-01.svg\",\"width\":288,\"height\":198,\"caption\":\"Taylor | Serbin Injury Lawyers\"},\"image\":{\"@id\":\"https:\\\/\\\/thelitigator.com\\\/es\\\/#\\\/schema\\\/logo\\\/image\\\/\"},\"sameAs\":[\"https:\\\/\\\/www.facebook.com\\\/TheLawOfficesOfJasonETaylor\\\/\",\"https:\\\/\\\/x.com\\\/lawyerjet\"]},{\"@type\":\"Person\",\"@id\":\"https:\\\/\\\/thelitigator.com\\\/es\\\/#\\\/schema\\\/person\\\/2c23b11d77dbea164468fe384244d0b0\",\"name\":\"Jason E. Taylor\",\"image\":{\"@type\":\"ImageObject\",\"inLanguage\":\"es-US\",\"@id\":\"https:\\\/\\\/secure.gravatar.com\\\/avatar\\\/35ccfe4d001077d87ead558bc687e228c12e0d5aa29b070e1ba75b03110f2769?s=96&d=mm&r=g\",\"url\":\"https:\\\/\\\/secure.gravatar.com\\\/avatar\\\/35ccfe4d001077d87ead558bc687e228c12e0d5aa29b070e1ba75b03110f2769?s=96&d=mm&r=g\",\"contentUrl\":\"https:\\\/\\\/secure.gravatar.com\\\/avatar\\\/35ccfe4d001077d87ead558bc687e228c12e0d5aa29b070e1ba75b03110f2769?s=96&d=mm&r=g\",\"caption\":\"Jason E. Taylor\"},\"description\":\"Jason E. Taylor is a Martindale-Hubbell\u00ae AV\u00ae rated legal professional who founded the Taylor | Serbin Injury Lawyers, P.C. on principles of ethical and client-oriented service.\",\"sameAs\":[\"https:\\\/\\\/thelitigator.com\\\/attorneys\\\/jason-e-taylor\\\/\"],\"url\":\"https:\\\/\\\/thelitigator.com\\\/es\\\/blog\\\/author\\\/jason-e-taylor\\\/\"}]}<\/script>\n<!-- \/ Yoast SEO plugin. -->","yoast_head_json":{"title":"\u00bfQui\u00e9n Tiene La Culpa De Una Colisi\u00f3n Trasera En Concord NC?","description":"Un choque por alcance, tambi\u00e9n llamado choque por detr\u00e1s, es un accidente automovil\u00edstico que ocurre cuando un veh\u00edculo golpea la parte trasera de otro","robots":{"index":"index","follow":"follow","max-snippet":"max-snippet:-1","max-image-preview":"max-image-preview:large","max-video-preview":"max-video-preview:-1"},"canonical":"https:\/\/thelitigator.com\/es\/blog\/quien-tiene-la-culpa-de-una-colision-trasera-en-concord-nc\/","og_locale":"es_ES","og_type":"article","og_title":"\u00bfQui\u00e9n Tiene La Culpa De Una Colisi\u00f3n Trasera En Concord NC?","og_description":"Un choque por alcance, tambi\u00e9n llamado choque por detr\u00e1s, es un accidente automovil\u00edstico que ocurre cuando un veh\u00edculo golpea la parte trasera de otro","og_url":"https:\/\/thelitigator.com\/es\/blog\/quien-tiene-la-culpa-de-una-colision-trasera-en-concord-nc\/","og_site_name":"Taylor | Serbin Injury Lawyers","article_publisher":"https:\/\/www.facebook.com\/TheLawOfficesOfJasonETaylor\/","article_published_time":"2022-07-01T01:08:57+00:00","article_modified_time":"2024-03-04T14:14:47+00:00","og_image":[{"width":764,"height":506,"url":"https:\/\/thelitigator.com\/wp-content\/uploads\/2022\/06\/2022-06-30_21-08-14.png","type":"image\/png"}],"author":"Jason E. Taylor","twitter_card":"summary_large_image","twitter_creator":"@lawyerjet","twitter_site":"@lawyerjet","twitter_misc":{"Written by":"Jason E. Taylor","Est. reading time":"6 minutes"},"schema":{"@context":"https:\/\/schema.org","@graph":[{"@type":"Article","@id":"https:\/\/thelitigator.com\/es\/blog\/quien-tiene-la-culpa-de-una-colision-trasera-en-concord-nc\/#article","isPartOf":{"@id":"https:\/\/thelitigator.com\/es\/blog\/quien-tiene-la-culpa-de-una-colision-trasera-en-concord-nc\/"},"author":{"name":"Jason E. Taylor","@id":"https:\/\/thelitigator.com\/es\/#\/schema\/person\/2c23b11d77dbea164468fe384244d0b0"},"headline":"\u00bfQui\u00e9n Tiene La Culpa De Una Colisi\u00f3n Trasera En Concord NC?","datePublished":"2022-07-01T01:08:57+00:00","dateModified":"2024-03-04T14:14:47+00:00","mainEntityOfPage":{"@id":"https:\/\/thelitigator.com\/es\/blog\/quien-tiene-la-culpa-de-una-colision-trasera-en-concord-nc\/"},"wordCount":1320,"publisher":{"@id":"https:\/\/thelitigator.com\/es\/#organization"},"image":{"@id":"https:\/\/thelitigator.com\/es\/blog\/quien-tiene-la-culpa-de-una-colision-trasera-en-concord-nc\/#primaryimage"},"thumbnailUrl":"https:\/\/thelitigator.com\/wp-content\/uploads\/2022\/06\/2022-06-30_21-08-14.png","keywords":["car accidents"],"articleSection":["Car Accidents","Concord, NC"],"inLanguage":"es-US"},{"@type":"WebPage","@id":"https:\/\/thelitigator.com\/es\/blog\/quien-tiene-la-culpa-de-una-colision-trasera-en-concord-nc\/","url":"https:\/\/thelitigator.com\/es\/blog\/quien-tiene-la-culpa-de-una-colision-trasera-en-concord-nc\/","name":"\u00bfQui\u00e9n Tiene La Culpa De Una Colisi\u00f3n Trasera En Concord NC?","isPartOf":{"@id":"https:\/\/thelitigator.com\/es\/#website"},"primaryImageOfPage":{"@id":"https:\/\/thelitigator.com\/es\/blog\/quien-tiene-la-culpa-de-una-colision-trasera-en-concord-nc\/#primaryimage"},"image":{"@id":"https:\/\/thelitigator.com\/es\/blog\/quien-tiene-la-culpa-de-una-colision-trasera-en-concord-nc\/#primaryimage"},"thumbnailUrl":"https:\/\/thelitigator.com\/wp-content\/uploads\/2022\/06\/2022-06-30_21-08-14.png","datePublished":"2022-07-01T01:08:57+00:00","dateModified":"2024-03-04T14:14:47+00:00","description":"Un choque por alcance, tambi\u00e9n llamado choque por detr\u00e1s, es un accidente automovil\u00edstico que ocurre cuando un veh\u00edculo golpea la parte trasera de otro","breadcrumb":{"@id":"https:\/\/thelitigator.com\/es\/blog\/quien-tiene-la-culpa-de-una-colision-trasera-en-concord-nc\/#breadcrumb"},"inLanguage":"es-US","potentialAction":[{"@type":"ReadAction","target":["https:\/\/thelitigator.com\/es\/blog\/quien-tiene-la-culpa-de-una-colision-trasera-en-concord-nc\/"]}]},{"@type":"ImageObject","inLanguage":"es-US","@id":"https:\/\/thelitigator.com\/es\/blog\/quien-tiene-la-culpa-de-una-colision-trasera-en-concord-nc\/#primaryimage","url":"https:\/\/thelitigator.com\/wp-content\/uploads\/2022\/06\/2022-06-30_21-08-14.png","contentUrl":"https:\/\/thelitigator.com\/wp-content\/uploads\/2022\/06\/2022-06-30_21-08-14.png","width":764,"height":506,"caption":"Who Is At Fault for a Rear-End Collision in Concord NC"},{"@type":"BreadcrumbList","@id":"https:\/\/thelitigator.com\/es\/blog\/quien-tiene-la-culpa-de-una-colision-trasera-en-concord-nc\/#breadcrumb","itemListElement":[{"@type":"ListItem","position":1,"name":"Home","item":"https:\/\/thelitigator.com\/es\/"},{"@type":"ListItem","position":2,"name":"\u00bfQui\u00e9n Tiene La Culpa De Una Colisi\u00f3n Trasera En Concord NC?"}]},{"@type":"WebSite","@id":"https:\/\/thelitigator.com\/es\/#website","url":"https:\/\/thelitigator.com\/es\/","name":"Taylor | Serbin Injury Lawyers","description":"Taylor | Serbin Injury Lawyers Serving North and South Carolina Areas","publisher":{"@id":"https:\/\/thelitigator.com\/es\/#organization"},"potentialAction":[{"@type":"SearchAction","target":{"@type":"EntryPoint","urlTemplate":"https:\/\/thelitigator.com\/es\/?s={search_term_string}"},"query-input":{"@type":"PropertyValueSpecification","valueRequired":true,"valueName":"search_term_string"}}],"inLanguage":"es-US"},{"@type":"Organization","@id":"https:\/\/thelitigator.com\/es\/#organization","name":"Taylor | Serbin Injury Lawyers","url":"https:\/\/thelitigator.com\/es\/","logo":{"@type":"ImageObject","inLanguage":"es-US","@id":"https:\/\/thelitigator.com\/es\/#\/schema\/logo\/image\/","url":"https:\/\/thelitigator.com\/wp-content\/uploads\/2025\/12\/TSL-brand-final-01.svg","contentUrl":"https:\/\/thelitigator.com\/wp-content\/uploads\/2025\/12\/TSL-brand-final-01.svg","width":288,"height":198,"caption":"Taylor | Serbin Injury Lawyers"},"image":{"@id":"https:\/\/thelitigator.com\/es\/#\/schema\/logo\/image\/"},"sameAs":["https:\/\/www.facebook.com\/TheLawOfficesOfJasonETaylor\/","https:\/\/x.com\/lawyerjet"]},{"@type":"Person","@id":"https:\/\/thelitigator.com\/es\/#\/schema\/person\/2c23b11d77dbea164468fe384244d0b0","name":"Jason E. Taylor","image":{"@type":"ImageObject","inLanguage":"es-US","@id":"https:\/\/secure.gravatar.com\/avatar\/35ccfe4d001077d87ead558bc687e228c12e0d5aa29b070e1ba75b03110f2769?s=96&d=mm&r=g","url":"https:\/\/secure.gravatar.com\/avatar\/35ccfe4d001077d87ead558bc687e228c12e0d5aa29b070e1ba75b03110f2769?s=96&d=mm&r=g","contentUrl":"https:\/\/secure.gravatar.com\/avatar\/35ccfe4d001077d87ead558bc687e228c12e0d5aa29b070e1ba75b03110f2769?s=96&d=mm&r=g","caption":"Jason E. Taylor"},"description":"Jason E. Taylor is a Martindale-Hubbell\u00ae AV\u00ae rated legal professional who founded the Taylor | Serbin Injury Lawyers, P.C. on principles of ethical and client-oriented service.","sameAs":["https:\/\/thelitigator.com\/attorneys\/jason-e-taylor\/"],"url":"https:\/\/thelitigator.com\/es\/blog\/author\/jason-e-taylor\/"}]}},"_links":{"self":[{"href":"https:\/\/thelitigator.com\/es\/wp-json\/wp\/v2\/posts\/10726","targetHints":{"allow":["GET"]}}],"collection":[{"href":"https:\/\/thelitigator.com\/es\/wp-json\/wp\/v2\/posts"}],"about":[{"href":"https:\/\/thelitigator.com\/es\/wp-json\/wp\/v2\/types\/post"}],"author":[{"embeddable":true,"href":"https:\/\/thelitigator.com\/es\/wp-json\/wp\/v2\/users\/8"}],"replies":[{"embeddable":true,"href":"https:\/\/thelitigator.com\/es\/wp-json\/wp\/v2\/comments?post=10726"}],"version-history":[{"count":0,"href":"https:\/\/thelitigator.com\/es\/wp-json\/wp\/v2\/posts\/10726\/revisions"}],"wp:featuredmedia":[{"embeddable":true,"href":"https:\/\/thelitigator.com\/es\/wp-json\/wp\/v2\/media\/8958"}],"wp:attachment":[{"href":"https:\/\/thelitigator.com\/es\/wp-json\/wp\/v2\/media?parent=10726"}],"wp:term":[{"taxonomy":"category","embeddable":true,"href":"https:\/\/thelitigator.com\/es\/wp-json\/wp\/v2\/categories?post=10726"},{"taxonomy":"post_tag","embeddable":true,"href":"https:\/\/thelitigator.com\/es\/wp-json\/wp\/v2\/tags?post=10726"},{"taxonomy":"attorney","embeddable":true,"href":"https:\/\/thelitigator.com\/es\/wp-json\/wp\/v2\/attorney?post=10726"}],"curies":[{"name":"wp","href":"https:\/\/api.w.org\/{rel}","templated":true}]}}